{"id":1641,"date":"2025-04-09T19:05:03","date_gmt":"2025-04-09T17:05:03","guid":{"rendered":"https:\/\/staging.tinaorganicbarcelona.com\/?p=1641"},"modified":"2026-01-06T14:01:03","modified_gmt":"2026-01-06T13:01:03","slug":"descubre-las-8-tendencias-de-peinados","status":"publish","type":"post","link":"https:\/\/www.tinaorganicbarcelona.com\/en\/descubre-las-8-tendencias-de-peinados\/","title":{"rendered":"Descubre las 8 tendencias de peinados de la Primavera-Verano 2025 para ser a\u00fan m\u00e1s fascinante"},"content":{"rendered":"\n<p>La llegada de la primavera y el verano nos invita a renovar nuestro estilo, y el cabello juega un papel clave en esta transformaci\u00f3n. Esta temporada, las tendencias de peinados apuestan por la naturalidad, la frescura y la versatilidad, adapt\u00e1ndose a diferentes texturas y longitudes. En <strong>Tina peluquer\u00eda org\u00e1nica<\/strong>, te contamos los looks m\u00e1s irresistibles para lucir radiante en los meses m\u00e1s c\u00e1lidos del a\u00f1o.<\/p>\n\n\n\n<div id=\"ez-toc-container\" class=\"ez-toc-v2_0_82_2 counter-hierarchy ez-toc-counter ez-toc-grey ez-toc-container-direction\">\n<div class=\"ez-toc-title-container\">\n<p class=\"ez-toc-title\" style=\"cursor:inherit\">\u00cdndice de temas<\/p>\n<span class=\"ez-toc-title-toggle\"><a href=\"#\" class=\"ez-toc-pull-right ez-toc-btn ez-toc-btn-xs ez-toc-btn-default ez-toc-toggle\" aria-label=\"Toggle Table of Content\"><span class=\"ez-toc-js-icon-con\"><span class=\"\"><span class=\"eztoc-hide\" style=\"display:none;\">Toggle<\/span><span class=\"ez-toc-icon-toggle-span\"><svg style=\"fill: #999;color:#999\" xmlns=\"http:\/\/www.w3.org\/2000\/svg\" class=\"list-377408\" width=\"20px\" height=\"20px\" viewBox=\"0 0 24 24\" fill=\"none\"><path d=\"M6 6H4v2h2V6zm14 0H8v2h12V6zM4 11h2v2H4v-2zm16 0H8v2h12v-2zM4 16h2v2H4v-2zm16 0H8v2h12v-2z\" fill=\"currentColor\"><\/path><\/svg><svg style=\"fill: #999;color:#999\" class=\"arrow-unsorted-368013\" xmlns=\"http:\/\/www.w3.org\/2000\/svg\" width=\"10px\" height=\"10px\" viewBox=\"0 0 24 24\" version=\"1.2\" baseProfile=\"tiny\"><path d=\"M18.2 9.3l-6.2-6.3-6.2 6.3c-.2.2-.3.4-.3.7s.1.5.3.7c.2.2.4.3.7.3h11c.3 0 .5-.1.7-.3.2-.2.3-.5.3-.7s-.1-.5-.3-.7zM5.8 14.7l6.2 6.3 6.2-6.3c.2-.2.3-.5.3-.7s-.1-.5-.3-.7c-.2-.2-.4-.3-.7-.3h-11c-.3 0-.5.1-.7.3-.2.2-.3.5-.3.7s.1.5.3.7z\"\/><\/svg><\/span><\/span><\/span><\/a><\/span><\/div>\n<nav><ul class='ez-toc-list ez-toc-list-level-1 eztoc-toggle-hide-by-default' ><li class='ez-toc-page-1 ez-toc-heading-level-2'><a class=\"ez-toc-link ez-toc-heading-1\" href=\"https:\/\/www.tinaorganicbarcelona.com\/en\/descubre-las-8-tendencias-de-peinados\/#1_Melenas_con_Movimiento_Natural\" >1. Melenas con Movimiento Natural<\/a><\/li><li class='ez-toc-page-1 ez-toc-heading-level-2'><a class=\"ez-toc-link ez-toc-heading-2\" href=\"https:\/\/www.tinaorganicbarcelona.com\/en\/descubre-las-8-tendencias-de-peinados\/#2_Flequillos_Desenfadados\" >2. Flequillos Desenfadados<\/a><\/li><li class='ez-toc-page-1 ez-toc-heading-level-2'><a class=\"ez-toc-link ez-toc-heading-3\" href=\"https:\/\/www.tinaorganicbarcelona.com\/en\/descubre-las-8-tendencias-de-peinados\/#3_Monos_y_Recogidos_Relajados\" >3. Mo\u00f1os y Recogidos Relajados<\/a><\/li><li class='ez-toc-page-1 ez-toc-heading-level-2'><a class=\"ez-toc-link ez-toc-heading-4\" href=\"https:\/\/www.tinaorganicbarcelona.com\/en\/descubre-las-8-tendencias-de-peinados\/#4_Coletas_Altas_y_Pulidas\" >4. Coletas Altas y Pulidas<\/a><\/li><li class='ez-toc-page-1 ez-toc-heading-level-2'><a class=\"ez-toc-link ez-toc-heading-5\" href=\"https:\/\/www.tinaorganicbarcelona.com\/en\/descubre-las-8-tendencias-de-peinados\/#5_Trenzas_de_Estilo_Boho\" >5. Trenzas de Estilo Boho<\/a><\/li><li class='ez-toc-page-1 ez-toc-heading-level-2'><a class=\"ez-toc-link ez-toc-heading-6\" href=\"https:\/\/www.tinaorganicbarcelona.com\/en\/descubre-las-8-tendencias-de-peinados\/#6_Cortes_Bob_y_Clavicut\" >6. Cortes Bob y Clavicut<\/a><\/li><li class='ez-toc-page-1 ez-toc-heading-level-2'><a class=\"ez-toc-link ez-toc-heading-7\" href=\"https:\/\/www.tinaorganicbarcelona.com\/en\/descubre-las-8-tendencias-de-peinados\/#7_Efecto_Wet_para_un_Look_Sofisticado\" >7. Efecto Wet para un Look Sofisticado<\/a><\/li><li class='ez-toc-page-1 ez-toc-heading-level-2'><a class=\"ez-toc-link ez-toc-heading-8\" href=\"https:\/\/www.tinaorganicbarcelona.com\/en\/descubre-las-8-tendencias-de-peinados\/#8_Accesorios_para_el_Cabello_Un_Must_de_la_Temporada\" >8. Accesorios para el Cabello: Un Must de la Temporada<\/a><\/li><li class='ez-toc-page-1 ez-toc-heading-level-2'><a class=\"ez-toc-link ez-toc-heading-9\" href=\"https:\/\/www.tinaorganicbarcelona.com\/en\/descubre-las-8-tendencias-de-peinados\/#Cuida_tu_Cabello_con_Productos_Organicos\" >Cuida tu Cabello con Productos Org\u00e1nicos<\/a><\/li><\/ul><\/nav><\/div>\n<h2 class=\"wp-block-heading\"><span class=\"ez-toc-section\" id=\"1_Melenas_con_Movimiento_Natural\"><\/span><strong>1. Melenas con Movimiento Natural<\/strong><span class=\"ez-toc-section-end\"><\/span><\/h2>\n\n\n\n<figure class=\"wp-block-image aligncenter size-large is-resized is-style-rounded\"><img loading=\"lazy\" decoding=\"async\" width=\"683\" height=\"1024\" src=\"https:\/\/www.tinaorganicbarcelona.com\/wp-content\/uploads\/2025\/04\/1289032333_extras_albumes_0-683x1024.jpg\" alt=\"\" class=\"wp-image-1654\" style=\"width:318px;height:auto\" srcset=\"https:\/\/www.tinaorganicbarcelona.com\/wp-content\/uploads\/2025\/04\/1289032333_extras_albumes_0-683x1024.jpg 683w, https:\/\/www.tinaorganicbarcelona.com\/wp-content\/uploads\/2025\/04\/1289032333_extras_albumes_0-480x720.jpg 480w\" sizes=\"(min-width: 0px) and (max-width: 480px) 480px, (min-width: 481px) 683px, 100vw\" \/><\/figure>\n\n\n\n<p>El efecto \"effortless\" sigue en auge, con cortes y estilismos que realzan la textura natural del cabello. Ondas suaves, ligeramente despeinadas y con volumen, aportan un aire relajado y sofisticado a la vez. Este tipo de peinado es ideal para quienes buscan un look fresco y sin complicaciones, que se adapte tanto al d\u00eda a d\u00eda como a eventos m\u00e1s especiales.<\/p>\n\n\n\n<p>Para lograr este estilo, recomendamos secar el cabello al aire libre siempre que sea posible y utilizar productos de styling ligeros y libres de t\u00f3xicos. Espumas naturales y aceites capilares pueden ayudarte a definir la forma sin apelmazar el cabello. Adem\u00e1s, las t\u00e9cnicas como el \u201cscrunching\u201d con las manos pueden potenciar a\u00fan m\u00e1s las ondas naturales.<\/p>\n\n\n\n<h2 class=\"wp-block-heading\"><span class=\"ez-toc-section\" id=\"2_Flequillos_Desenfadados\"><\/span><strong>2. Flequillos Desenfadados<\/strong><span class=\"ez-toc-section-end\"><\/span><\/h2>\n\n\n\n<figure class=\"wp-block-image aligncenter size-full is-resized is-style-rounded\"><img loading=\"lazy\" decoding=\"async\" width=\"750\" height=\"962\" src=\"https:\/\/www.tinaorganicbarcelona.com\/wp-content\/uploads\/2025\/04\/flequillos.webp\" alt=\"\" class=\"wp-image-1662\" style=\"width:315px;height:auto\" srcset=\"https:\/\/www.tinaorganicbarcelona.com\/wp-content\/uploads\/2025\/04\/flequillos.webp 750w, https:\/\/www.tinaorganicbarcelona.com\/wp-content\/uploads\/2025\/04\/flequillos-480x616.webp 480w\" sizes=\"(min-width: 0px) and (max-width: 480px) 480px, (min-width: 481px) 750px, 100vw\" \/><\/figure>\n\n\n\n<p>Los flequillos siguen dominando las tendencias, en versiones largas, cortinas o desfiladas. Son ideales para enmarcar el rostro y aportar un toque juvenil y fresco. A diferencia de otros a\u00f1os, en 2025 los flequillos se llevan con un acabado m\u00e1s natural y sin rigidez, perfectos para quienes buscan un cambio sutil pero con personalidad.<\/p>\n\n\n\n<p>Si tienes el cabello rizado, no temas probar un flequillo. Hoy en d\u00eda existen t\u00e9cnicas de corte espec\u00edficas para rizos que permiten mantener la textura sin perder definici\u00f3n. Un buen truco para peinarlo es aplicar una peque\u00f1a cantidad de crema moldeadora y dejarlo secar al natural o con un difusor.<\/p>\n\n\n\n<h2 class=\"wp-block-heading\"><span class=\"ez-toc-section\" id=\"3_Monos_y_Recogidos_Relajados\"><\/span><strong>3. Mo\u00f1os y Recogidos Relajados<\/strong><span class=\"ez-toc-section-end\"><\/span><\/h2>\n\n\n\n<figure class=\"wp-block-image aligncenter size-full is-resized is-style-rounded\"><img loading=\"lazy\" decoding=\"async\" width=\"768\" height=\"1020\" src=\"https:\/\/www.tinaorganicbarcelona.com\/wp-content\/uploads\/2025\/04\/recogidos.jpg\" alt=\"\" class=\"wp-image-1655\" style=\"width:307px;height:auto\" srcset=\"https:\/\/www.tinaorganicbarcelona.com\/wp-content\/uploads\/2025\/04\/recogidos.jpg 768w, https:\/\/www.tinaorganicbarcelona.com\/wp-content\/uploads\/2025\/04\/recogidos-480x638.jpg 480w\" sizes=\"(min-width: 0px) and (max-width: 480px) 480px, (min-width: 481px) 768px, 100vw\" \/><\/figure>\n\n\n\n<p>Los recogidos despeinados y con mechones sueltos ser\u00e1n protagonistas. Desde un mo\u00f1o bajo y casual hasta un recogido alto con textura, estos peinados son perfectos para soportar el calor con estilo. Adem\u00e1s, permiten jugar con diferentes estilos, desde lo m\u00e1s informal hasta lo sofisticado.<\/p>\n\n\n\n<p>Para darles un toque especial, se pueden combinar con accesorios como pa\u00f1uelos, pinzas grandes o diademas. Las horquillas decorativas con perlas o motivos florales tambi\u00e9n son una excelente opci\u00f3n para transformar un recogido sencillo en un look m\u00e1s elegante.<\/p>\n\n\n\n<h2 class=\"wp-block-heading\"><span class=\"ez-toc-section\" id=\"4_Coletas_Altas_y_Pulidas\"><\/span><strong>4. Coletas Altas y Pulidas<\/strong><span class=\"ez-toc-section-end\"><\/span><\/h2>\n\n\n\n<figure class=\"wp-block-image aligncenter size-full is-resized is-style-rounded\"><img loading=\"lazy\" decoding=\"async\" width=\"620\" height=\"430\" src=\"https:\/\/www.tinaorganicbarcelona.com\/wp-content\/uploads\/2025\/04\/coleta.jpeg\" alt=\"\" class=\"wp-image-1656\" style=\"width:448px;height:auto\" srcset=\"https:\/\/www.tinaorganicbarcelona.com\/wp-content\/uploads\/2025\/04\/coleta.jpeg 620w, https:\/\/www.tinaorganicbarcelona.com\/wp-content\/uploads\/2025\/04\/coleta-480x333.jpeg 480w\" sizes=\"(min-width: 0px) and (max-width: 480px) 480px, (min-width: 481px) 620px, 100vw\" \/><\/figure>\n\n\n\n<p>Las coletas altas y bien definidas aportan un look elegante y sofisticado, adem\u00e1s de ser una opci\u00f3n pr\u00e1ctica para los d\u00edas m\u00e1s calurosos. Esta temporada se llevan ultra lisas, con efecto espejo, o con ondas suaves para un efecto m\u00e1s relajado.<\/p>\n\n\n\n<p>Un truco para lograr una coleta voluminosa y con m\u00e1s cuerpo es dividir el cabello en dos secciones y atarlas por separado, una encima de la otra. Esto crea un efecto de mayor densidad sin necesidad de extensiones. Tambi\u00e9n puedes enrollar un mech\u00f3n de cabello alrededor de la goma para un acabado m\u00e1s refinado.<\/p>\n\n\n\n<h2 class=\"wp-block-heading\"><span class=\"ez-toc-section\" id=\"5_Trenzas_de_Estilo_Boho\"><\/span><strong>5. Trenzas de Estilo Boho<\/strong><span class=\"ez-toc-section-end\"><\/span><\/h2>\n\n\n\n<figure class=\"wp-block-image aligncenter size-large is-resized is-style-rounded\"><img loading=\"lazy\" decoding=\"async\" width=\"682\" height=\"1024\" src=\"https:\/\/www.tinaorganicbarcelona.com\/wp-content\/uploads\/2025\/04\/boho-682x1024.jpeg\" alt=\"\" class=\"wp-image-1661\" style=\"width:286px;height:auto\" srcset=\"https:\/\/www.tinaorganicbarcelona.com\/wp-content\/uploads\/2025\/04\/boho-682x1024.jpeg 682w, https:\/\/www.tinaorganicbarcelona.com\/wp-content\/uploads\/2025\/04\/boho-480x720.jpeg 480w\" sizes=\"(min-width: 0px) and (max-width: 480px) 480px, (min-width: 481px) 682px, 100vw\" \/><\/figure>\n\n\n\n<p>Las trenzas nunca pasan de moda y esta temporada las veremos en su versi\u00f3n m\u00e1s bohemia: sueltas, desenfadadas y con peque\u00f1os detalles como cintas o flores. Son ideales para eventos al aire libre, bodas o festivales, aportando un aire rom\u00e1ntico y natural.<\/p>\n\n\n\n<p>Algunas de las variantes m\u00e1s populares ser\u00e1n:<\/p>\n\n\n\n<ul class=\"wp-block-list\">\n<li>Trenza espiga despeinada<\/li>\n\n\n\n<li>Trenzas dobles estilo boxer<\/li>\n\n\n\n<li>Semi-recogidos con trenzas laterales<\/li>\n\n\n\n<li>Trenzas incorporadas a mo\u00f1os bajos<\/li>\n<\/ul>\n\n\n\n<p>Para una mayor fijaci\u00f3n y durabilidad, recomendamos utilizar sprays naturales sin alcohol, que mantengan el peinado sin resecar el cabello.<\/p>\n\n\n\n<h2 class=\"wp-block-heading\"><span class=\"ez-toc-section\" id=\"6_Cortes_Bob_y_Clavicut\"><\/span><strong>6. Cortes Bob y Clavicut<\/strong><span class=\"ez-toc-section-end\"><\/span><\/h2>\n\n\n\n<figure class=\"wp-block-image aligncenter size-full is-resized is-style-rounded\"><img loading=\"lazy\" decoding=\"async\" width=\"750\" height=\"938\" src=\"https:\/\/www.tinaorganicbarcelona.com\/wp-content\/uploads\/2025\/04\/clavicut.jpg\" alt=\"\" class=\"wp-image-1657\" style=\"width:300px;height:auto\" srcset=\"https:\/\/www.tinaorganicbarcelona.com\/wp-content\/uploads\/2025\/04\/clavicut.jpg 750w, https:\/\/www.tinaorganicbarcelona.com\/wp-content\/uploads\/2025\/04\/clavicut-480x600.jpg 480w\" sizes=\"(min-width: 0px) and (max-width: 480px) 480px, (min-width: 481px) 750px, 100vw\" \/><\/figure>\n\n\n\n<p>El bob sigue reinvent\u00e1ndose, y este a\u00f1o se lleva en su versi\u00f3n \"clavicut\", justo a la altura de la clav\u00edcula. Es un corte vers\u00e1til que favorece a todo tipo de rostros y texturas. Adem\u00e1s, es f\u00e1cil de peinar y mantener, ideal para quienes buscan comodidad sin renunciar al estilo.<\/p>\n\n\n\n<p>Las versiones con capas suaves a\u00f1aden m\u00e1s movimiento y volumen, mientras que los bobs m\u00e1s rectos son perfectos para quienes prefieren un look elegante y minimalista.<\/p>\n\n\n\n<h2 class=\"wp-block-heading\"><span class=\"ez-toc-section\" id=\"7_Efecto_Wet_para_un_Look_Sofisticado\"><\/span><strong>7. Efecto Wet para un Look Sofisticado<\/strong><span class=\"ez-toc-section-end\"><\/span><\/h2>\n\n\n\n<figure class=\"wp-block-image aligncenter size-full is-resized is-style-rounded\"><img loading=\"lazy\" decoding=\"async\" width=\"389\" height=\"692\" src=\"https:\/\/www.tinaorganicbarcelona.com\/wp-content\/uploads\/2025\/04\/wet_look_que_es_y_como_hacer_el_peinado_efecto_mojado_54530_orig.jpg\" alt=\"\" class=\"wp-image-1658\" style=\"width:309px;height:auto\" srcset=\"https:\/\/www.tinaorganicbarcelona.com\/wp-content\/uploads\/2025\/04\/wet_look_que_es_y_como_hacer_el_peinado_efecto_mojado_54530_orig.jpg 389w, https:\/\/www.tinaorganicbarcelona.com\/wp-content\/uploads\/2025\/04\/wet_look_que_es_y_como_hacer_el_peinado_efecto_mojado_54530_orig-169x300.jpg 169w\" sizes=\"(max-width: 389px) 100vw, 389px\" \/><\/figure>\n\n\n\n<p>Para las noches de verano o eventos especiales, el efecto wet es una opci\u00f3n elegante y moderna. Con productos adecuados, como geles de fijaci\u00f3n ligera con ingredientes naturales, puedes lograr ese acabado pulido y brillante sin da\u00f1ar tu cabello.<\/p>\n\n\n\n<p>Este peinado es ideal para resaltar el brillo natural del cabello y mantenerlo en su lugar durante horas. Se puede llevar con un acabado ultra liso o con ligeras ondas para un efecto m\u00e1s relajado y desenfadado.<\/p>\n\n\n\n<h2 class=\"wp-block-heading\"><span class=\"ez-toc-section\" id=\"8_Accesorios_para_el_Cabello_Un_Must_de_la_Temporada\"><\/span><strong>8. Accesorios para el Cabello: Un Must de la Temporada<\/strong><span class=\"ez-toc-section-end\"><\/span><\/h2>\n\n\n\n<figure class=\"wp-block-image aligncenter size-large is-resized is-style-rounded\"><img loading=\"lazy\" decoding=\"async\" width=\"1024\" height=\"746\" src=\"https:\/\/www.tinaorganicbarcelona.com\/wp-content\/uploads\/2025\/04\/accessorios-1-1024x746.jpeg\" alt=\"\" class=\"wp-image-1659\" style=\"width:427px;height:auto\" srcset=\"https:\/\/www.tinaorganicbarcelona.com\/wp-content\/uploads\/2025\/04\/accessorios-1-1024x746.jpeg 1024w, https:\/\/www.tinaorganicbarcelona.com\/wp-content\/uploads\/2025\/04\/accessorios-1-980x714.jpeg 980w, https:\/\/www.tinaorganicbarcelona.com\/wp-content\/uploads\/2025\/04\/accessorios-1-480x350.jpeg 480w\" sizes=\"(min-width: 0px) and (max-width: 480px) 480px, (min-width: 481px) and (max-width: 980px) 980px, (min-width: 981px) 1024px, 100vw\" \/><\/figure>\n\n\n\n<p>Esta primavera-verano, <a href=\"https:\/\/www.parfois.com\/es\/es\/accesorios\/accesorios-para-el-pelo\/?srsltid=AfmBOoq-u1OtL3ebr2iWqt9WcINhaO3rpCrf7Sf-hevzG9CeKzfjhsU1\" data-type=\"link\" data-id=\"https:\/\/www.parfois.com\/es\/es\/accesorios\/accesorios-para-el-pelo\/?srsltid=AfmBOoq-u1OtL3ebr2iWqt9WcINhaO3rpCrf7Sf-hevzG9CeKzfjhsU1\" target=\"_blank\" rel=\"noopener\">los accesorios<\/a> juegan un papel crucial en la personalizaci\u00f3n de los peinados. <br><br>Desde diademas acolchadas hasta scrunchies de seda, hay un sinf\u00edn de opciones para darle un toque diferente a cualquier look.<\/p>\n\n\n\n<p>Algunos de los accesorios estrella ser\u00e1n:<\/p>\n\n\n\n<ul class=\"wp-block-list\">\n<li>Pa\u00f1uelos estampados<\/li>\n\n\n\n<li>Horquillas con pedrer\u00eda<\/li>\n\n\n\n<li>Pinzas oversized<\/li>\n\n\n\n<li>Diademas con nudos<\/li>\n<\/ul>\n\n\n\n<p>Estos elementos no solo a\u00f1aden estilo, sino que tambi\u00e9n ayudan a proteger el cabello del sol y el viento.<\/p>\n\n\n\n<h2 class=\"wp-block-heading\"><span class=\"ez-toc-section\" id=\"Cuida_tu_Cabello_con_Productos_Organicos\"><\/span><strong>Cuida tu Cabello con Productos Org\u00e1nicos<\/strong><span class=\"ez-toc-section-end\"><\/span><\/h2>\n\n\n\n<p>Independientemente del estilo que elijas, es fundamental cuidar tu cabello con productos naturales y libres de qu\u00edmicos agresivos. En <strong>Tina peluquer\u00eda org\u00e1nica<\/strong>, te ofrecemos tratamientos capilares que nutren, protegen y realzan la belleza natural de tu melena, respetando tanto tu salud como el medioambiente.<\/p>\n\n\n\n<p>Desde mascarillas nutritivas hasta aceites esenciales para el cuero cabelludo, apostar por ingredientes org\u00e1nicos es la mejor forma de mantener un cabello sano, fuerte y brillante durante toda la temporada.<\/p>\n\n\n\n<p>Este 2025, atr\u00e9vete a experimentar con nuevas texturas, cortes y peinados que reflejen tu esencia. <\/p>\n\n\n\n<p>\u00a1Te esperamos en <a href=\"https:\/\/www.tinaorganicbarcelona.com\/reserva\/\" data-type=\"link\" data-id=\"https:\/\/www.tinaorganicbarcelona.com\/reserva\/\">Tina peluquer\u00eda org\u00e1nica<\/a> para asesorarte y mimar tu cabello con lo mejor de la naturaleza! \ud83c\udf3f\u2728<\/p>\n\n\n\n<p><\/p>\n","protected":false},"excerpt":{"rendered":"","protected":false},"author":4,"featured_media":1653,"comment_status":"open","ping_status":"open","sticky":false,"template":"","format":"standard","meta":{"_acf_changed":false,"footnotes":""},"categories":[23,39],"tags":[],"class_list":["post-1641","post","type-post","status-publish","format-standard","has-post-thumbnail","hentry","category-peluqueria","category-peinado"],"acf":[],"_links":{"self":[{"href":"https:\/\/www.tinaorganicbarcelona.com\/en\/wp-json\/wp\/v2\/posts\/1641","targetHints":{"allow":["GET"]}}],"collection":[{"href":"https:\/\/www.tinaorganicbarcelona.com\/en\/wp-json\/wp\/v2\/posts"}],"about":[{"href":"https:\/\/www.tinaorganicbarcelona.com\/en\/wp-json\/wp\/v2\/types\/post"}],"author":[{"embeddable":true,"href":"https:\/\/www.tinaorganicbarcelona.com\/en\/wp-json\/wp\/v2\/users\/4"}],"replies":[{"embeddable":true,"href":"https:\/\/www.tinaorganicbarcelona.com\/en\/wp-json\/wp\/v2\/comments?post=1641"}],"version-history":[{"count":13,"href":"https:\/\/www.tinaorganicbarcelona.com\/en\/wp-json\/wp\/v2\/posts\/1641\/revisions"}],"predecessor-version":[{"id":1800,"href":"https:\/\/www.tinaorganicbarcelona.com\/en\/wp-json\/wp\/v2\/posts\/1641\/revisions\/1800"}],"wp:featuredmedia":[{"embeddable":true,"href":"https:\/\/www.tinaorganicbarcelona.com\/en\/wp-json\/wp\/v2\/media\/1653"}],"wp:attachment":[{"href":"https:\/\/www.tinaorganicbarcelona.com\/en\/wp-json\/wp\/v2\/media?parent=1641"}],"wp:term":[{"taxonomy":"category","embeddable":true,"href":"https:\/\/www.tinaorganicbarcelona.com\/en\/wp-json\/wp\/v2\/categories?post=1641"},{"taxonomy":"post_tag","embeddable":true,"href":"https:\/\/www.tinaorganicbarcelona.com\/en\/wp-json\/wp\/v2\/tags?post=1641"}],"curies":[{"name":"wp","href":"https:\/\/api.w.org\/{rel}","templated":true}]}}