{"id":2660,"date":"2026-08-31T12:43:52","date_gmt":"2026-08-31T10:43:52","guid":{"rendered":"https:\/\/www.tinaorganicbarcelona.com\/?p=2660"},"modified":"2026-08-31T12:49:07","modified_gmt":"2026-08-31T10:49:07","slug":"diagnostico-capilar","status":"publish","type":"post","link":"https:\/\/www.tinaorganicbarcelona.com\/en\/diagnostico-capilar\/","title":{"rendered":"Diagn\u00f3stico capilar despu\u00e9s del verano 2026: \u00bfqu\u00e9 tratamiento verdaderamente eficaz necesita tu cabello?"},"content":{"rendered":"\n<p class=\"wp-block-paragraph\">\u00bfHas vuelto de vacaciones y notas tu cabello diferente?<\/p>\n\n\n\n<p class=\"wp-block-paragraph\">Quiz\u00e1s est\u00e1 m\u00e1s seco, \u00e1spero o apagado. Puede que las puntas est\u00e9n m\u00e1s debilitadas, que haya aparecido m\u00e1s encrespamiento o que tu color ya no tenga la misma luminosidad que antes de marcharte. Si tienes el cabello rizado, incluso puedes notar que tus rizos han perdido definici\u00f3n o se comportan de manera diferente.<\/p>\n\n\n\n<p class=\"wp-block-paragraph\">Despu\u00e9s de semanas de sol, playa, piscina, calor, humedad y cambios en nuestra rutina habitual, es completamente normal que el cabello tambi\u00e9n acuse el verano. Y septiembre es un momento perfecto para realizar un <strong>diagn\u00f3stico capilar<\/strong> y descubrir cu\u00e1l es su estado despu\u00e9s de las vacaciones.<\/p>\n\n\n\n<p class=\"wp-block-paragraph\">Pero \u00bfqu\u00e9 necesita realmente?<\/p>\n\n\n\n<p class=\"wp-block-paragraph\">\u00bfHidrataci\u00f3n? \u00bfNutrici\u00f3n? \u00bfUn tratamiento reparador? \u00bfSanear las puntas? \u00bfRecuperar el color?<\/p>\n\n\n\n<p class=\"wp-block-paragraph\">La respuesta no es igual para todas.<\/p>\n\n\n\n<p class=\"wp-block-paragraph\">Por eso, en Tina creemos que la mejor manera de empezar a cuidar el cabello despu\u00e9s de las vacaciones es realizar un <strong>diagn\u00f3stico capilar<\/strong> que nos permita observar su estado y determinar qu\u00e9 necesita realmente.<\/p>\n\n\n\n<p class=\"wp-block-paragraph\">Porque un cabello que parece seco puede estar deshidratado, pero tambi\u00e9n puede tener una fibra sensibilizada. Un cabello encrespado puede necesitar hidrataci\u00f3n o un tratamiento espec\u00edfico de disciplina. Y una melena apagada puede necesitar recuperar tanto la calidad de la fibra como la luminosidad del color.<\/p>\n\n\n\n<p class=\"wp-block-paragraph\"><strong>Primero observamos. Despu\u00e9s tratamos.<\/strong><\/p>\n\n\n\n<p class=\"wp-block-paragraph\">Y para celebrar nuestra vuelta de vacaciones, durante todo el mes de septiembre podr\u00e1s disfrutar de un <strong>20% de descuento en todos nuestros <a href=\"https:\/\/www.tinaorganicbarcelona.com\/tratamientos\/\" data-type=\"link\" data-id=\"https:\/\/www.tinaorganicbarcelona.com\/tratamientos\/\">tratamientos<\/a><\/strong>.<\/p>\n\n\n\n<div id=\"ez-toc-container\" class=\"ez-toc-v2_0_86 counter-hierarchy ez-toc-counter ez-toc-grey ez-toc-container-direction\">\n<div class=\"ez-toc-title-container\">\n<p class=\"ez-toc-title\" style=\"cursor:inherit\">\u00cdndice de temas<\/p>\n<span class=\"ez-toc-title-toggle\"><a href=\"#\" class=\"ez-toc-pull-right ez-toc-btn ez-toc-btn-xs ez-toc-btn-default ez-toc-toggle\" aria-label=\"Toggle Table of Content\"><span class=\"ez-toc-js-icon-con\"><span class=\"\"><span class=\"eztoc-hide\" style=\"display:none;\">Toggle<\/span><span class=\"ez-toc-icon-toggle-span\"><svg style=\"fill: #999;color:#999\" xmlns=\"http:\/\/www.w3.org\/2000\/svg\" class=\"list-377408\" width=\"20px\" height=\"20px\" viewBox=\"0 0 24 24\" fill=\"none\"><path d=\"M6 6H4v2h2V6zm14 0H8v2h12V6zM4 11h2v2H4v-2zm16 0H8v2h12v-2zM4 16h2v2H4v-2zm16 0H8v2h12v-2z\" fill=\"currentColor\"><\/path><\/svg><svg style=\"fill: #999;color:#999\" class=\"arrow-unsorted-368013\" xmlns=\"http:\/\/www.w3.org\/2000\/svg\" width=\"10px\" height=\"10px\" viewBox=\"0 0 24 24\" version=\"1.2\" baseProfile=\"tiny\"><path d=\"M18.2 9.3l-6.2-6.3-6.2 6.3c-.2.2-.3.4-.3.7s.1.5.3.7c.2.2.4.3.7.3h11c.3 0 .5-.1.7-.3.2-.2.3-.5.3-.7s-.1-.5-.3-.7zM5.8 14.7l6.2 6.3 6.2-6.3c.2-.2.3-.5.3-.7s-.1-.5-.3-.7c-.2-.2-.4-.3-.7-.3h-11c-.3 0-.5.1-.7.3-.2.2-.3.5-.3.7s.1.5.3.7z\"\/><\/svg><\/span><\/span><\/span><\/a><\/span><\/div>\n<nav><ul class='ez-toc-list ez-toc-list-level-1 eztoc-toggle-hide-by-default' ><li class='ez-toc-page-1 ez-toc-heading-level-2'><a class=\"ez-toc-link ez-toc-heading-1\" href=\"https:\/\/www.tinaorganicbarcelona.com\/en\/diagnostico-capilar\/#%C2%BFPor_que_hacer_un_diagnostico_capilar_despues_del_verano\" >\u00bfPor qu\u00e9 hacer un diagn\u00f3stico capilar despu\u00e9s del verano?<\/a><\/li><li class='ez-toc-page-1 ez-toc-heading-level-2'><a class=\"ez-toc-link ez-toc-heading-2\" href=\"https:\/\/www.tinaorganicbarcelona.com\/en\/diagnostico-capilar\/#%C2%BFQue_observamos_durante_un_diagnostico_capilar\" >\u00bfQu\u00e9 observamos durante un diagn\u00f3stico capilar?<\/a><\/li><li class='ez-toc-page-1 ez-toc-heading-level-2'><a class=\"ez-toc-link ez-toc-heading-3\" href=\"https:\/\/www.tinaorganicbarcelona.com\/en\/diagnostico-capilar\/#Diagnostico_capilar_despues_del_verano_%C2%BFcomo_ha_afectado_el_verano_a_tu_cabello\" >Diagn\u00f3stico capilar despu\u00e9s del verano: \u00bfc\u00f3mo ha afectado el verano a tu cabello?<\/a><ul class='ez-toc-list-level-3' ><li class='ez-toc-heading-level-3'><a class=\"ez-toc-link ez-toc-heading-4\" href=\"https:\/\/www.tinaorganicbarcelona.com\/en\/diagnostico-capilar\/#Exposicion_solar\" >Exposici\u00f3n solar<\/a><\/li><li class='ez-toc-page-1 ez-toc-heading-level-3'><a class=\"ez-toc-link ez-toc-heading-5\" href=\"https:\/\/www.tinaorganicbarcelona.com\/en\/diagnostico-capilar\/#Agua_del_mar\" >Agua del mar<\/a><\/li><li class='ez-toc-page-1 ez-toc-heading-level-3'><a class=\"ez-toc-link ez-toc-heading-6\" href=\"https:\/\/www.tinaorganicbarcelona.com\/en\/diagnostico-capilar\/#Cloro_de_las_piscinas\" >Cloro de las piscinas<\/a><\/li><li class='ez-toc-page-1 ez-toc-heading-level-3'><a class=\"ez-toc-link ez-toc-heading-7\" href=\"https:\/\/www.tinaorganicbarcelona.com\/en\/diagnostico-capilar\/#Mas_lavados\" >M\u00e1s lavados<\/a><\/li><li class='ez-toc-page-1 ez-toc-heading-level-3'><a class=\"ez-toc-link ez-toc-heading-8\" href=\"https:\/\/www.tinaorganicbarcelona.com\/en\/diagnostico-capilar\/#Recogidos_humedad_y_friccion\" >Recogidos, humedad y fricci\u00f3n<\/a><\/li><\/ul><\/li><li class='ez-toc-page-1 ez-toc-heading-level-2'><a class=\"ez-toc-link ez-toc-heading-9\" href=\"https:\/\/www.tinaorganicbarcelona.com\/en\/diagnostico-capilar\/#Diagnostico_capilar_para_cabello_seco_%C2%BFnecesitas_hidratacion\" >Diagn\u00f3stico capilar para cabello seco: \u00bfnecesitas hidrataci\u00f3n?<\/a><\/li><li class='ez-toc-page-1 ez-toc-heading-level-2'><a class=\"ez-toc-link ez-toc-heading-10\" href=\"https:\/\/www.tinaorganicbarcelona.com\/en\/diagnostico-capilar\/#Diagnostico_capilar_para_un_cabello_debil_o_sensibilizado\" >Diagn\u00f3stico capilar para un cabello d\u00e9bil o sensibilizado<\/a><ul class='ez-toc-list-level-3' ><li class='ez-toc-heading-level-3'><a class=\"ez-toc-link ez-toc-heading-11\" href=\"https:\/\/www.tinaorganicbarcelona.com\/en\/diagnostico-capilar\/#Nuova_Fibra_de_Kemon\" >Nuova Fibra de Kemon<\/a><\/li><li class='ez-toc-page-1 ez-toc-heading-level-3'><a class=\"ez-toc-link ez-toc-heading-12\" href=\"https:\/\/www.tinaorganicbarcelona.com\/en\/diagnostico-capilar\/#Biopolimerizacion_BMAG\" >Biopolimerizaci\u00f3n BMAG<\/a><\/li><\/ul><\/li><li class='ez-toc-page-1 ez-toc-heading-level-2'><a class=\"ez-toc-link ez-toc-heading-13\" href=\"https:\/\/www.tinaorganicbarcelona.com\/en\/diagnostico-capilar\/#Diagnostico_capilar_para_el_encrespamiento\" >Diagn\u00f3stico capilar para el encrespamiento<\/a><\/li><li class='ez-toc-page-1 ez-toc-heading-level-2'><a class=\"ez-toc-link ez-toc-heading-14\" href=\"https:\/\/www.tinaorganicbarcelona.com\/en\/diagnostico-capilar\/#Diagnostico_capilar_para_cabello_rizado\" >Diagn\u00f3stico capilar para cabello rizado<\/a><\/li><li class='ez-toc-page-1 ez-toc-heading-level-2'><a class=\"ez-toc-link ez-toc-heading-15\" href=\"https:\/\/www.tinaorganicbarcelona.com\/en\/diagnostico-capilar\/#El_diagnostico_capilar_tambien_incluye_el_cuero_cabelludo\" >El diagn\u00f3stico capilar tambi\u00e9n incluye el cuero cabelludo<\/a><\/li><li class='ez-toc-page-1 ez-toc-heading-level-2'><a class=\"ez-toc-link ez-toc-heading-16\" href=\"https:\/\/www.tinaorganicbarcelona.com\/en\/diagnostico-capilar\/#Diagnostico_capilar_y_color_%C2%BFtu_tono_ha_cambiado_durante_las_vacaciones\" >Diagn\u00f3stico capilar y color: \u00bftu tono ha cambiado durante las vacaciones?<\/a><\/li><li class='ez-toc-page-1 ez-toc-heading-level-2'><a class=\"ez-toc-link ez-toc-heading-17\" href=\"https:\/\/www.tinaorganicbarcelona.com\/en\/diagnostico-capilar\/#%C2%BFEl_diagnostico_capilar_puede_indicar_que_necesitas_cortar_las_puntas\" >\u00bfEl diagn\u00f3stico capilar puede indicar que necesitas cortar las puntas?<\/a><\/li><li class='ez-toc-page-1 ez-toc-heading-level-2'><a class=\"ez-toc-link ez-toc-heading-18\" href=\"https:\/\/www.tinaorganicbarcelona.com\/en\/diagnostico-capilar\/#%C2%BFHidratacion_nutricion_reparacion_o_disciplina\" >\u00bfHidrataci\u00f3n, nutrici\u00f3n, reparaci\u00f3n o disciplina?<\/a><\/li><li class='ez-toc-page-1 ez-toc-heading-level-2'><a class=\"ez-toc-link ez-toc-heading-19\" href=\"https:\/\/www.tinaorganicbarcelona.com\/en\/diagnostico-capilar\/#Diagnostico_capilar_personalizado_cada_cabello_tiene_su_propia_historia\" >Diagn\u00f3stico capilar personalizado: cada cabello tiene su propia historia<\/a><\/li><li class='ez-toc-page-1 ez-toc-heading-level-2'><a class=\"ez-toc-link ez-toc-heading-20\" href=\"https:\/\/www.tinaorganicbarcelona.com\/en\/diagnostico-capilar\/#Despues_del_diagnostico_capilar_como_cuidar_tu_cabello_en_casa\" >Despu\u00e9s del diagn\u00f3stico capilar: c\u00f3mo cuidar tu cabello en casa<\/a><\/li><li class='ez-toc-page-1 ez-toc-heading-level-2'><a class=\"ez-toc-link ez-toc-heading-21\" href=\"https:\/\/www.tinaorganicbarcelona.com\/en\/diagnostico-capilar\/#Diagnostico_capilar_en_septiembre_del_verano_al_otono\" >Diagn\u00f3stico capilar en septiembre: del verano al oto\u00f1o<\/a><\/li><li class='ez-toc-page-1 ez-toc-heading-level-2'><a class=\"ez-toc-link ez-toc-heading-22\" href=\"https:\/\/www.tinaorganicbarcelona.com\/en\/diagnostico-capilar\/#Haz_un_pequeno_diagnostico_capilar_en_casa\" >Haz un peque\u00f1o diagn\u00f3stico capilar en casa<\/a><\/li><li class='ez-toc-page-1 ez-toc-heading-level-2'><a class=\"ez-toc-link ez-toc-heading-23\" href=\"https:\/\/www.tinaorganicbarcelona.com\/en\/diagnostico-capilar\/#Este_septiembre_empieza_con_un_diagnostico_capilar\" >Este septiembre, empieza con un diagn\u00f3stico capilar<\/a><ul class='ez-toc-list-level-3' ><li class='ez-toc-heading-level-3'><a class=\"ez-toc-link ez-toc-heading-24\" href=\"https:\/\/www.tinaorganicbarcelona.com\/en\/diagnostico-capilar\/#%E2%9C%A8_Este_septiembre_20_de_descuento_en_tratamientos\" >\u2728 Este septiembre, 20% de descuento en tratamientos<\/a><\/li><\/ul><\/li><li class='ez-toc-page-1 ez-toc-heading-level-2'><a class=\"ez-toc-link ez-toc-heading-25\" href=\"https:\/\/www.tinaorganicbarcelona.com\/en\/diagnostico-capilar\/#Diagnostico_capilar_en_Barcelona_descubre_que_necesita_tu_cabello_en_Tina\" >Diagn\u00f3stico capilar en Barcelona: descubre qu\u00e9 necesita tu cabello en Tina<\/a><\/li><\/ul><\/nav><\/div>\n<h2 class=\"wp-block-heading\"><span class=\"ez-toc-section\" id=\"%C2%BFPor_que_hacer_un_diagnostico_capilar_despues_del_verano\"><\/span>\u00bfPor qu\u00e9 hacer un diagn\u00f3stico capilar despu\u00e9s del verano?<span class=\"ez-toc-section-end\"><\/span><\/h2>\n\n\n\n<p class=\"wp-block-paragraph\">Nuestro cabello no permanece igual durante todo el a\u00f1o.<\/p>\n\n\n\n<p class=\"wp-block-paragraph\">Cambian las temperaturas, la humedad ambiental, nuestras actividades y tambi\u00e9n la forma en la que lo cuidamos.<\/p>\n\n\n\n<p class=\"wp-block-paragraph\">El verano es probablemente una de las \u00e9pocas en las que m\u00e1s modificamos nuestra rutina. Pasamos muchas m\u00e1s horas al aire libre, aumentamos la exposici\u00f3n solar, nos ba\u00f1amos en el mar y en piscinas, recogemos el cabello h\u00famedo, utilizamos sombreros o cascos y solemos lavarlo con mayor frecuencia.<\/p>\n\n\n\n<p class=\"wp-block-paragraph\">Todo ello puede modificar progresivamente el estado y el comportamiento de la fibra capilar.<\/p>\n\n\n\n<p class=\"wp-block-paragraph\">Y el cambio no siempre es evidente de un d\u00eda para otro.<\/p>\n\n\n\n<p class=\"wp-block-paragraph\">Muchas veces lo descubrimos precisamente cuando regresamos de vacaciones y recuperamos nuestra rutina habitual.<\/p>\n\n\n\n<p class=\"wp-block-paragraph\">De repente, el cabello que antes pein\u00e1bamos f\u00e1cilmente est\u00e1 m\u00e1s rebelde. Las puntas parecen m\u00e1s secas. El brillo ha disminuido. Nuestro rubio tiene otro matiz. El rizo ya no se define igual.<\/p>\n\n\n\n<p class=\"wp-block-paragraph\">Es entonces cuando tendemos a buscar r\u00e1pidamente una mascarilla, un aceite o alg\u00fan tratamiento reparador.<\/p>\n\n\n\n<p class=\"wp-block-paragraph\">Sin embargo, un <strong>diagn\u00f3stico capilar despu\u00e9s del verano<\/strong> nos permite empezar por lo m\u00e1s importante: comprender qu\u00e9 ha cambiado antes de decidir c\u00f3mo tratarlo.<\/p>\n\n\n\n<p class=\"wp-block-paragraph\"><strong>\u00bfQu\u00e9 le ocurre realmente a nuestro cabello?<\/strong> Ah\u00ed empieza el diagn\u00f3stico.<\/p>\n\n\n\n<h2 class=\"wp-block-heading\"><span class=\"ez-toc-section\" id=\"%C2%BFQue_observamos_durante_un_diagnostico_capilar\"><\/span>\u00bfQu\u00e9 observamos durante un diagn\u00f3stico capilar?<span class=\"ez-toc-section-end\"><\/span><\/h2>\n\n\n\n<p class=\"wp-block-paragraph\">Un <strong>diagn\u00f3stico capilar profesional<\/strong> nos permite valorar el estado actual del cabello y relacionarlo con sus caracter\u00edsticas y su historial.<\/p>\n\n\n\n<p class=\"wp-block-paragraph\">No se trata simplemente de decidir si el cabello est\u00e1 \u201cbien\u201d o \u201cmal\u201d.<\/p>\n\n\n\n<p class=\"wp-block-paragraph\">Durante el diagn\u00f3stico capilar observamos diferentes aspectos para entender qu\u00e9 puede estar necesitando en ese momento:<\/p>\n\n\n\n<ul class=\"wp-block-list\">\n<li>la textura del cabello;<\/li>\n\n\n\n<li>su grosor;<\/li>\n\n\n\n<li>el nivel de hidrataci\u00f3n;<\/li>\n\n\n\n<li>la porosidad;<\/li>\n\n\n\n<li>la elasticidad;<\/li>\n\n\n\n<li>la resistencia de la fibra;<\/li>\n\n\n\n<li>el estado de medios y puntas;<\/li>\n\n\n\n<li>el nivel de encrespamiento;<\/li>\n\n\n\n<li>el estado del cuero cabelludo;<\/li>\n\n\n\n<li>la coloraci\u00f3n, mechas o decoloraciones anteriores;<\/li>\n\n\n\n<li>los tratamientos qu\u00edmicos realizados;<\/li>\n\n\n\n<li>el uso habitual de planchas, secadores u otras herramientas t\u00e9rmicas;<\/li>\n\n\n\n<li>los productos utilizados en casa;<\/li>\n\n\n\n<li>y la rutina habitual de cuidado.<\/li>\n<\/ul>\n\n\n\n<p class=\"wp-block-paragraph\">Toda esta informaci\u00f3n nos ayuda a entender la melena en su conjunto.<\/p>\n\n\n\n<p class=\"wp-block-paragraph\">Porque dos cabellos que visualmente parecen secos pueden necesitar cosas muy diferentes.<\/p>\n\n\n\n<p class=\"wp-block-paragraph\">Y esa diferencia es precisamente la que determina qu\u00e9 tratamiento elegir despu\u00e9s del diagn\u00f3stico capilar.<\/p>\n\n\n\n<h2 class=\"wp-block-heading\"><span class=\"ez-toc-section\" id=\"Diagnostico_capilar_despues_del_verano_%C2%BFcomo_ha_afectado_el_verano_a_tu_cabello\"><\/span>Diagn\u00f3stico capilar despu\u00e9s del verano: \u00bfc\u00f3mo ha afectado el verano a tu cabello?<span class=\"ez-toc-section-end\"><\/span><\/h2>\n\n\n\n<p class=\"wp-block-paragraph\">Para entender por qu\u00e9 el <strong>diagn\u00f3stico capilar<\/strong> resulta especialmente interesante en septiembre, primero debemos comprender qu\u00e9 ha ocurrido durante las semanas anteriores.<\/p>\n\n\n\n<h3 class=\"wp-block-heading\"><span class=\"ez-toc-section\" id=\"Exposicion_solar\"><\/span>Exposici\u00f3n solar<span class=\"ez-toc-section-end\"><\/span><\/h3>\n\n\n\n<p class=\"wp-block-paragraph\">Nos preocupamos mucho \u2014y con raz\u00f3n\u2014 por proteger nuestra piel del sol, pero a menudo olvidamos que nuestro cabello tambi\u00e9n permanece expuesto durante horas.<\/p>\n\n\n\n<p class=\"wp-block-paragraph\">Despu\u00e9s de varias semanas de exposici\u00f3n solar podemos notar una p\u00e9rdida de suavidad, brillo y flexibilidad.<\/p>\n\n\n\n<p class=\"wp-block-paragraph\">Esta situaci\u00f3n puede resultar todav\u00eda m\u00e1s evidente en cabellos que ya estaban sensibilizados antes del verano debido a coloraciones, mechas o decoloraciones.<\/p>\n\n\n\n<h3 class=\"wp-block-heading\"><span class=\"ez-toc-section\" id=\"Agua_del_mar\"><\/span>Agua del mar<span class=\"ez-toc-section-end\"><\/span><\/h3>\n\n\n\n<p class=\"wp-block-paragraph\">El agua salada forma parte de algunos de nuestros mejores recuerdos del verano, pero nuestra melena puede no compartir exactamente la misma opini\u00f3n.<\/p>\n\n\n\n<p class=\"wp-block-paragraph\">La combinaci\u00f3n de sal, sol, calor y viento puede contribuir a que el cabello se sienta m\u00e1s seco y \u00e1spero.<\/p>\n\n\n\n<p class=\"wp-block-paragraph\">Si repetimos este proceso durante muchos d\u00edas y no mantenemos una rutina de cuidado adecuada, al volver de vacaciones podemos notar una fibra mucho m\u00e1s dif\u00edcil de manejar.<\/p>\n\n\n\n<h3 class=\"wp-block-heading\"><span class=\"ez-toc-section\" id=\"Cloro_de_las_piscinas\"><\/span>Cloro de las piscinas<span class=\"ez-toc-section-end\"><\/span><\/h3>\n\n\n\n<p class=\"wp-block-paragraph\">Algo parecido ocurre con las piscinas.<\/p>\n\n\n\n<p class=\"wp-block-paragraph\">La exposici\u00f3n frecuente al agua clorada puede afectar al tacto del cabello y tambi\u00e9n influir en la apariencia de determinados colores.<\/p>\n\n\n\n<p class=\"wp-block-paragraph\">Por eso los cabellos te\u00f1idos, con mechas o decolorados suelen requerir una atenci\u00f3n especial durante y despu\u00e9s del verano.<\/p>\n\n\n\n<h3 class=\"wp-block-heading\"><span class=\"ez-toc-section\" id=\"Mas_lavados\"><\/span>M\u00e1s lavados<span class=\"ez-toc-section-end\"><\/span><\/h3>\n\n\n\n<p class=\"wp-block-paragraph\">En verano tambi\u00e9n solemos lavar nuestro cabello con mayor frecuencia.<\/p>\n\n\n\n<p class=\"wp-block-paragraph\">Sudamos m\u00e1s, nos ba\u00f1amos m\u00e1s y queremos eliminar restos de sal, cloro o productos solares.<\/p>\n\n\n\n<p class=\"wp-block-paragraph\">Lavar el cabello no es un problema en s\u00ed mismo. Sin embargo, si aumentamos mucho la frecuencia y utilizamos productos que no responden a nuestras necesidades, podemos alterar su equilibrio habitual.<\/p>\n\n\n\n<h3 class=\"wp-block-heading\"><span class=\"ez-toc-section\" id=\"Recogidos_humedad_y_friccion\"><\/span>Recogidos, humedad y fricci\u00f3n<span class=\"ez-toc-section-end\"><\/span><\/h3>\n\n\n\n<p class=\"wp-block-paragraph\">Mo\u00f1os, coletas, pinzas, sombreros, cascos, viento, humedad...<\/p>\n\n\n\n<p class=\"wp-block-paragraph\">Durante las vacaciones manipulamos el cabello de maneras diferentes.<\/p>\n\n\n\n<p class=\"wp-block-paragraph\">Y si adem\u00e1s lo recogemos frecuentemente cuando todav\u00eda est\u00e1 mojado o h\u00famedo, una fibra ya sensibilizada puede resentirse todav\u00eda m\u00e1s.<\/p>\n\n\n\n<p class=\"wp-block-paragraph\">El resultado de todos estos factores no es id\u00e9ntico en todas las mujeres.<\/p>\n\n\n\n<p class=\"wp-block-paragraph\">Por eso el <strong>diagn\u00f3stico capilar personalizado<\/strong> es importante: no existe un \u00fanico \u201ctratamiento post verano\u201d que funcione igual para todas.<\/p>\n\n\n\n<h2 class=\"wp-block-heading\"><span class=\"ez-toc-section\" id=\"Diagnostico_capilar_para_cabello_seco_%C2%BFnecesitas_hidratacion\"><\/span>Diagn\u00f3stico capilar para cabello seco: \u00bfnecesitas hidrataci\u00f3n?<span class=\"ez-toc-section-end\"><\/span><\/h2>\n\n\n\n<p class=\"wp-block-paragraph\">Esta es probablemente una de las situaciones m\u00e1s habituales al regresar de vacaciones.<\/p>\n\n\n\n<p class=\"wp-block-paragraph\">Pasas la mano por el cabello y notas que ya no tiene el mismo tacto.<\/p>\n\n\n\n<p class=\"wp-block-paragraph\">Est\u00e1 \u00e1spero, r\u00edgido, apagado o cuesta m\u00e1s desenredarlo.<\/p>\n\n\n\n<p class=\"wp-block-paragraph\">La primera reacci\u00f3n suele ser pensar:<\/p>\n\n\n\n<p class=\"wp-block-paragraph\"><strong>\u201cNecesito hidrataci\u00f3n.\u201d<\/strong><\/p>\n\n\n\n<p class=\"wp-block-paragraph\">Y puede ser cierto.<\/p>\n\n\n\n<p class=\"wp-block-paragraph\">Despu\u00e9s de semanas de sol, playa, piscina y calor, muchos cabellos necesitan recuperar hidrataci\u00f3n y equilibrio.<\/p>\n\n\n\n<p class=\"wp-block-paragraph\">Un tratamiento hidratante adecuado puede ayudar a mejorar la suavidad, flexibilidad y manejabilidad de la fibra.<\/p>\n\n\n\n<p class=\"wp-block-paragraph\">En Tina trabajamos con tratamientos profesionales de <strong><a href=\"https:\/\/biopolimerizacion.com\/\" data-type=\"link\" data-id=\"https:\/\/biopolimerizacion.com\/\" target=\"_blank\" rel=\"noopener\">BMAG<\/a><\/strong> y <a href=\"https:\/\/www.kemon.es\/\" data-type=\"link\" data-id=\"https:\/\/www.kemon.es\/\" target=\"_blank\" rel=\"noopener\">Kemon<\/a> que podemos adaptar a las necesidades del cabello cuando el <strong>diagn\u00f3stico capilar<\/strong> indica falta de hidrataci\u00f3n.<\/p>\n\n\n\n<p class=\"wp-block-paragraph\">Pero aqu\u00ed encontramos precisamente uno de los motivos por los que el diagn\u00f3stico resulta tan importante.<\/p>\n\n\n\n<p class=\"wp-block-paragraph\"><strong>Sequedad y da\u00f1o no son necesariamente lo mismo.<\/strong><\/p>\n\n\n\n<p class=\"wp-block-paragraph\">Un cabello puede estar deshidratado sin presentar una fibra especialmente da\u00f1ada. Otro puede parecer simplemente seco cuando, en realidad, est\u00e1 mucho m\u00e1s sensibilizado.<\/p>\n\n\n\n<p class=\"wp-block-paragraph\">El diagn\u00f3stico capilar nos ayuda a diferenciar ambas situaciones antes de elegir el tratamiento.<\/p>\n\n\n\n<h2 class=\"wp-block-heading\"><span class=\"ez-toc-section\" id=\"Diagnostico_capilar_para_un_cabello_debil_o_sensibilizado\"><\/span>Diagn\u00f3stico capilar para un cabello d\u00e9bil o sensibilizado<span class=\"ez-toc-section-end\"><\/span><\/h2>\n\n\n\n<p class=\"wp-block-paragraph\">Hay se\u00f1ales que van m\u00e1s all\u00e1 de la sequedad.<\/p>\n\n\n\n<p class=\"wp-block-paragraph\">Quiz\u00e1s notas que el cabello se rompe con mayor facilidad, que las puntas est\u00e1n especialmente debilitadas o que la fibra parece haber perdido resistencia.<\/p>\n\n\n\n<p class=\"wp-block-paragraph\">Esto puede ocurrir especialmente en cabellos que antes del verano ya hab\u00edan pasado por procesos como mechas, decoloraciones o coloraciones frecuentes.<\/p>\n\n\n\n<p class=\"wp-block-paragraph\">El verano puede convertirse entonces en un factor adicional sobre una fibra que ya estaba sensibilizada.<\/p>\n\n\n\n<p class=\"wp-block-paragraph\">En estos casos, una hidrataci\u00f3n convencional puede no ser suficiente.<\/p>\n\n\n\n<p class=\"wp-block-paragraph\">Un <strong>diagn\u00f3stico capilar profesional<\/strong> nos permite valorar el nivel de sensibilizaci\u00f3n y decidir si es necesario trabajar de una manera m\u00e1s profunda sobre la fibra.<\/p>\n\n\n\n<h3 class=\"wp-block-heading\"><span class=\"ez-toc-section\" id=\"Nuova_Fibra_de_Kemon\"><\/span>Nuova Fibra de Kemon<span class=\"ez-toc-section-end\"><\/span><\/h3>\n\n\n\n<p class=\"wp-block-paragraph\">Cuando el diagn\u00f3stico muestra un cabello debilitado podemos valorar tratamientos profesionales como <strong>Nuova Fibra de Kemon<\/strong>, destinado a cabellos que necesitan recuperar fuerza, vitalidad y una mejor calidad de fibra.<\/p>\n\n\n\n<p class=\"wp-block-paragraph\">La decisi\u00f3n depender\u00e1 siempre del estado del cabello.<\/p>\n\n\n\n<p class=\"wp-block-paragraph\">No utilizamos un tratamiento simplemente porque sea m\u00e1s intensivo, sino porque responde a una necesidad concreta detectada durante el diagn\u00f3stico capilar.<\/p>\n\n\n\n<h3 class=\"wp-block-heading\"><span class=\"ez-toc-section\" id=\"Biopolimerizacion_BMAG\"><\/span>Biopolimerizaci\u00f3n BMAG<span class=\"ez-toc-section-end\"><\/span><\/h3>\n\n\n\n<p class=\"wp-block-paragraph\">En cabellos que necesitan un trabajo de recuperaci\u00f3n m\u00e1s profundo podemos valorar tambi\u00e9n la <strong>Biopolimerizaci\u00f3n BMAG<\/strong>.<\/p>\n\n\n\n<p class=\"wp-block-paragraph\">Se trata de un tratamiento profesional que utilizamos cuando el diagn\u00f3stico capilar indica que debemos trabajar de manera m\u00e1s intensa sobre la fibra.<\/p>\n\n\n\n<p class=\"wp-block-paragraph\">Puede resultar especialmente interesante en cabellos sensibilizados por diferentes factores acumulados: procesos qu\u00edmicos, decoloraciones, herramientas t\u00e9rmicas y exposici\u00f3n ambiental, entre otros.<\/p>\n\n\n\n<p class=\"wp-block-paragraph\">Pero no todas las melenas necesitan reconstrucci\u00f3n.<\/p>\n\n\n\n<p class=\"wp-block-paragraph\">Si tu cabello solamente necesita hidrataci\u00f3n, realizar un tratamiento mucho m\u00e1s intenso no significa necesariamente obtener un mejor resultado.<\/p>\n\n\n\n<p class=\"wp-block-paragraph\">El objetivo del diagn\u00f3stico capilar es precisamente encontrar <strong>el tratamiento que necesita tu cabello, no el tratamiento m\u00e1s fuerte<\/strong>.<\/p>\n\n\n\n<figure class=\"wp-block-image aligncenter size-large is-resized is-style-rounded\"><img loading=\"lazy\" decoding=\"async\" width=\"768\" height=\"1024\" src=\"https:\/\/www.tinaorganicbarcelona.com\/wp-content\/uploads\/2026\/08\/pexels-zegnaaa-144983028-10416604-768x1024-1.jpg\" alt=\"\" class=\"wp-image-2666\" style=\"width:516px;height:auto\" srcset=\"https:\/\/www.tinaorganicbarcelona.com\/wp-content\/uploads\/2026\/08\/pexels-zegnaaa-144983028-10416604-768x1024-1.jpg 768w, https:\/\/www.tinaorganicbarcelona.com\/wp-content\/uploads\/2026\/08\/pexels-zegnaaa-144983028-10416604-225x300.jpg 225w, https:\/\/www.tinaorganicbarcelona.com\/wp-content\/uploads\/2026\/08\/pexels-zegnaaa-144983028-10416604-1152x1536.jpg 1152w, https:\/\/www.tinaorganicbarcelona.com\/wp-content\/uploads\/2026\/08\/pexels-zegnaaa-144983028-10416604-1536x2048.jpg 1536w, https:\/\/www.tinaorganicbarcelona.com\/wp-content\/uploads\/2026\/08\/pexels-zegnaaa-144983028-10416604-1080x1440.jpg 1080w, https:\/\/www.tinaorganicbarcelona.com\/wp-content\/uploads\/2026\/08\/pexels-zegnaaa-144983028-10416604-scaled.jpg 1920w\" sizes=\"(max-width: 768px) 100vw, 768px\" \/><\/figure>\n\n\n\n<h2 class=\"wp-block-heading\"><span class=\"ez-toc-section\" id=\"Diagnostico_capilar_para_el_encrespamiento\"><\/span>Diagn\u00f3stico capilar para el encrespamiento<span class=\"ez-toc-section-end\"><\/span><\/h2>\n\n\n\n<p class=\"wp-block-paragraph\">Otra de las consultas habituales despu\u00e9s del verano tiene que ver con el encrespamiento.<\/p>\n\n\n\n<p class=\"wp-block-paragraph\">Quiz\u00e1s tu cabello parece haber adquirido vida propia.<\/p>\n\n\n\n<p class=\"wp-block-paragraph\">Lo peinas y poco despu\u00e9s pierde la forma. Reacciona inmediatamente a la humedad, aumenta de volumen o resulta mucho m\u00e1s dif\u00edcil de controlar.<\/p>\n\n\n\n<p class=\"wp-block-paragraph\">Antes de tratar el encrespamiento debemos intentar entender su origen.<\/p>\n\n\n\n<p class=\"wp-block-paragraph\">En algunos casos puede estar relacionado con falta de hidrataci\u00f3n. En otros, con una fibra m\u00e1s porosa o sensibilizada. Y tambi\u00e9n existen cabellos que, por su propia naturaleza, tienen una mayor tendencia al encrespamiento.<\/p>\n\n\n\n<p class=\"wp-block-paragraph\">Aqu\u00ed vuelve a ser importante el <strong>diagn\u00f3stico capilar<\/strong>, porque nos permite diferenciar estas situaciones antes de recomendar un tratamiento.<\/p>\n\n\n\n<p class=\"wp-block-paragraph\">Cuando buscamos mejorar la disciplina y manejabilidad del cabello podemos valorar tratamientos como <strong>Disciplina de Kemon<\/strong>, adaptando siempre el protocolo al tipo de melena.<\/p>\n\n\n\n<p class=\"wp-block-paragraph\">El objetivo es conseguir un cabello m\u00e1s suave y f\u00e1cil de manejar sin perder de vista sus caracter\u00edsticas naturales.<\/p>\n\n\n\n<h2 class=\"wp-block-heading\"><span class=\"ez-toc-section\" id=\"Diagnostico_capilar_para_cabello_rizado\"><\/span>Diagn\u00f3stico capilar para cabello rizado<span class=\"ez-toc-section-end\"><\/span><\/h2>\n\n\n\n<p class=\"wp-block-paragraph\">El cabello rizado merece una atenci\u00f3n espec\u00edfica.<\/p>\n\n\n\n<p class=\"wp-block-paragraph\">Un rizo no deber\u00eda diagnosticarse ni tratarse exactamente igual que un cabello liso.<\/p>\n\n\n\n<p class=\"wp-block-paragraph\">Despu\u00e9s del verano puedes notar que los rizos han perdido definici\u00f3n, que aparece m\u00e1s encrespamiento, que el cabello est\u00e1 m\u00e1s seco o que necesitas m\u00e1s producto para conseguir el resultado habitual.<\/p>\n\n\n\n<p class=\"wp-block-paragraph\">En estos casos, el diagn\u00f3stico capilar debe tener en cuenta no solamente el estado de la fibra, sino tambi\u00e9n el comportamiento y la estructura del rizo.<\/p>\n\n\n\n<p class=\"wp-block-paragraph\">En Tina trabajamos con protocolos <strong>BMAG para cabello rizado<\/strong>, que nos permiten adaptar el cuidado respetando la naturaleza y el movimiento del cabello.<\/p>\n\n\n\n<p class=\"wp-block-paragraph\">El objetivo no es transformar el rizo, sino ayudarle a recuperar equilibrio, definici\u00f3n, elasticidad y manejabilidad.<\/p>\n\n\n\n<h2 class=\"wp-block-heading\"><span class=\"ez-toc-section\" id=\"El_diagnostico_capilar_tambien_incluye_el_cuero_cabelludo\"><\/span>El diagn\u00f3stico capilar tambi\u00e9n incluye el cuero cabelludo<span class=\"ez-toc-section-end\"><\/span><\/h2>\n\n\n\n<p class=\"wp-block-paragraph\">Cuando pensamos en el estado de nuestro cabello solemos mirar directamente las puntas.<\/p>\n\n\n\n<p class=\"wp-block-paragraph\">Pero el cuero cabelludo tambi\u00e9n forma parte de un buen <strong>diagn\u00f3stico capilar<\/strong>.<\/p>\n\n\n\n<p class=\"wp-block-paragraph\">Durante el verano ha estado expuesto al calor, al sudor, a una mayor frecuencia de lavados y, en algunos casos, directamente al sol.<\/p>\n\n\n\n<p class=\"wp-block-paragraph\">Por eso merece la pena observar tambi\u00e9n si su comportamiento ha cambiado.<\/p>\n\n\n\n<p class=\"wp-block-paragraph\">En Tina trabajamos con tratamientos espec\u00edficos para el cuidado del cuero cabelludo, como <strong>Cute Sana de Kemon<\/strong>, cuando detectamos que esta zona necesita una atenci\u00f3n particular.<\/p>\n\n\n\n<p class=\"wp-block-paragraph\">El cuidado de una melena no deber\u00eda limitarse exclusivamente a aquello que vemos en largos y puntas.<\/p>\n\n\n\n<p class=\"wp-block-paragraph\">Un cabello bonito empieza desde la ra\u00edz.<\/p>\n\n\n\n<h2 class=\"wp-block-heading\"><span class=\"ez-toc-section\" id=\"Diagnostico_capilar_y_color_%C2%BFtu_tono_ha_cambiado_durante_las_vacaciones\"><\/span>Diagn\u00f3stico capilar y color: \u00bftu tono ha cambiado durante las vacaciones?<span class=\"ez-toc-section-end\"><\/span><\/h2>\n\n\n\n<p class=\"wp-block-paragraph\">Si llevas coloraci\u00f3n, mechas, balayage o decoloraci\u00f3n, quiz\u00e1s hayas notado cambios al volver de vacaciones.<\/p>\n\n\n\n<p class=\"wp-block-paragraph\">El color puede parecer m\u00e1s apagado, algunos reflejos pueden haberse modificado y los rubios pueden perder parte de la luminosidad o del matiz que ten\u00edan inicialmente.<\/p>\n\n\n\n<p class=\"wp-block-paragraph\">La exposici\u00f3n solar, el cloro, el agua del mar y los lavados frecuentes pueden influir en su evoluci\u00f3n.<\/p>\n\n\n\n<p class=\"wp-block-paragraph\">Pero esto no significa que siempre sea necesario realizar nuevamente todo el servicio de color.<\/p>\n\n\n\n<p class=\"wp-block-paragraph\">En algunos casos puede bastar con recuperar brillo o matizar determinados reflejos.<\/p>\n\n\n\n<p class=\"wp-block-paragraph\">En otros, podemos combinar el cuidado de la fibra con un trabajo de color personalizado.<\/p>\n\n\n\n<p class=\"wp-block-paragraph\">El diagn\u00f3stico capilar nos permite valorar primero el estado de la fibra y decidir despu\u00e9s qu\u00e9 servicio de color resulta adecuado.<\/p>\n\n\n\n<p class=\"wp-block-paragraph\">En Tina trabajamos con <strong>coloraci\u00f3n Kemon<\/strong>, teniendo siempre en cuenta la salud del cabello antes de realizar nuevos procesos.<\/p>\n\n\n\n<p class=\"wp-block-paragraph\"><strong>Un color bonito empieza por un cabello bien cuidado.<\/strong><\/p>\n\n\n\n<h2 class=\"wp-block-heading\"><span class=\"ez-toc-section\" id=\"%C2%BFEl_diagnostico_capilar_puede_indicar_que_necesitas_cortar_las_puntas\"><\/span>\u00bfEl diagn\u00f3stico capilar puede indicar que necesitas cortar las puntas?<span class=\"ez-toc-section-end\"><\/span><\/h2>\n\n\n\n<p class=\"wp-block-paragraph\">S\u00ed, aunque eso no significa necesariamente realizar un cambio de look.<\/p>\n\n\n\n<p class=\"wp-block-paragraph\">No existe ninguna norma que diga que despu\u00e9s del verano tengamos que cortar obligatoriamente el cabello.<\/p>\n\n\n\n<p class=\"wp-block-paragraph\">Pero septiembre es un buen momento para revisar las puntas como parte del diagn\u00f3stico capilar.<\/p>\n\n\n\n<p class=\"wp-block-paragraph\">Si est\u00e1n abiertas, extremadamente secas o debilitadas, sanearlas puede mejorar considerablemente el aspecto de toda la melena.<\/p>\n\n\n\n<p class=\"wp-block-paragraph\">En muchas ocasiones basta con eliminar unos cent\u00edmetros para conseguir unas puntas con mejor aspecto y recuperar movimiento.<\/p>\n\n\n\n<p class=\"wp-block-paragraph\">El diagn\u00f3stico nos permite valorar si el tratamiento ser\u00e1 suficiente o si conviene acompa\u00f1arlo de un peque\u00f1o corte de mantenimiento.<\/p>\n\n\n\n<h2 class=\"wp-block-heading\"><span class=\"ez-toc-section\" id=\"%C2%BFHidratacion_nutricion_reparacion_o_disciplina\"><\/span>\u00bfHidrataci\u00f3n, nutrici\u00f3n, reparaci\u00f3n o disciplina?<span class=\"ez-toc-section-end\"><\/span><\/h2>\n\n\n\n<p class=\"wp-block-paragraph\">Llegados a este punto probablemente entiendas por qu\u00e9 no existe una \u00fanica respuesta.<\/p>\n\n\n\n<p class=\"wp-block-paragraph\">Un cabello seco puede necesitar hidrataci\u00f3n.<\/p>\n\n\n\n<p class=\"wp-block-paragraph\">Un cabello \u00e1spero y r\u00edgido puede necesitar recuperar nutrici\u00f3n y flexibilidad.<\/p>\n\n\n\n<p class=\"wp-block-paragraph\">Una fibra debilitada puede requerir un tratamiento de recuperaci\u00f3n.<\/p>\n\n\n\n<p class=\"wp-block-paragraph\">Una melena encrespada puede necesitar hidrataci\u00f3n, disciplina o una combinaci\u00f3n adaptada a su estado.<\/p>\n\n\n\n<p class=\"wp-block-paragraph\">Un cabello rizado puede necesitar recuperar hidrataci\u00f3n y definici\u00f3n respetando su estructura.<\/p>\n\n\n\n<p class=\"wp-block-paragraph\">Y, en determinados casos, tambi\u00e9n tendremos que prestar atenci\u00f3n al cuero cabelludo o al color.<\/p>\n\n\n\n<p class=\"wp-block-paragraph\">Por eso <strong>no necesitas llegar a la peluquer\u00eda sabiendo qu\u00e9 tratamiento pedir<\/strong>.<\/p>\n\n\n\n<p class=\"wp-block-paragraph\">Ese es precisamente el objetivo del diagn\u00f3stico capilar.<\/p>\n\n\n\n<p class=\"wp-block-paragraph\">Observar.<\/p>\n\n\n\n<p class=\"wp-block-paragraph\">Entender.<\/p>\n\n\n\n<p class=\"wp-block-paragraph\">Y despu\u00e9s elegir.<\/p>\n\n\n\n<h2 class=\"wp-block-heading\"><span class=\"ez-toc-section\" id=\"Diagnostico_capilar_personalizado_cada_cabello_tiene_su_propia_historia\"><\/span>Diagn\u00f3stico capilar personalizado: cada cabello tiene su propia historia<span class=\"ez-toc-section-end\"><\/span><\/h2>\n\n\n\n<p class=\"wp-block-paragraph\">A veces vemos el resultado de un tratamiento en otra persona y pensamos inmediatamente:<\/p>\n\n\n\n<p class=\"wp-block-paragraph\">\u201cYo necesito eso.\u201d<\/p>\n\n\n\n<p class=\"wp-block-paragraph\">Pero su cabello no es el nuestro.<\/p>\n\n\n\n<p class=\"wp-block-paragraph\">Cada melena tiene una historia diferente.<\/p>\n\n\n\n<p class=\"wp-block-paragraph\">Importa su textura natural, su grosor, si est\u00e1 te\u00f1ida o no, cu\u00e1ntas veces se ha decolorado, qu\u00e9 herramientas utilizamos, c\u00f3mo la lavamos, qu\u00e9 productos aplicamos, con qu\u00e9 frecuencia vamos a la piscina e incluso c\u00f3mo solemos recogerla.<\/p>\n\n\n\n<p class=\"wp-block-paragraph\">Un <strong>diagn\u00f3stico capilar personalizado<\/strong> tiene en cuenta todos estos factores antes de recomendar un protocolo.<\/p>\n\n\n\n<p class=\"wp-block-paragraph\">Por eso en Tina apostamos por un cuidado individualizado.<\/p>\n\n\n\n<p class=\"wp-block-paragraph\">No queremos realizar m\u00e1s tratamientos de los necesarios.<\/p>\n\n\n\n<p class=\"wp-block-paragraph\">Queremos encontrar el adecuado.<\/p>\n\n\n\n<h2 class=\"wp-block-heading\"><span class=\"ez-toc-section\" id=\"Despues_del_diagnostico_capilar_como_cuidar_tu_cabello_en_casa\"><\/span>Despu\u00e9s del diagn\u00f3stico capilar: c\u00f3mo cuidar tu cabello en casa<span class=\"ez-toc-section-end\"><\/span><\/h2>\n\n\n\n<p class=\"wp-block-paragraph\">Una vez realizado el diagn\u00f3stico y elegido el tratamiento adecuado, el siguiente objetivo es mantener sus resultados.<\/p>\n\n\n\n<p class=\"wp-block-paragraph\">Y para ello nuestra rutina en casa es fundamental.<\/p>\n\n\n\n<p class=\"wp-block-paragraph\">Pero tampoco aqu\u00ed necesitamos complicarnos.<\/p>\n\n\n\n<p class=\"wp-block-paragraph\">Una rutina sencilla y correctamente adaptada puede ser mucho m\u00e1s eficaz que utilizar muchos productos sin saber exactamente qu\u00e9 necesita nuestra melena.<\/p>\n\n\n\n<p class=\"wp-block-paragraph\">Despu\u00e9s de valorar tu cabello podemos orientarte sobre cuestiones como:<\/p>\n\n\n\n<ul class=\"wp-block-list\">\n<li>qu\u00e9 tipo de lavado es m\u00e1s adecuado;<\/li>\n\n\n\n<li>con qu\u00e9 frecuencia utilizar una mascarilla;<\/li>\n\n\n\n<li>c\u00f3mo acondicionar el cabello;<\/li>\n\n\n\n<li>c\u00f3mo protegerlo cuando utilizamos calor;<\/li>\n\n\n\n<li>c\u00f3mo desenredarlo sin aumentar la rotura;<\/li>\n\n\n\n<li>qu\u00e9 productos pueden ayudarte a mantener el tratamiento;<\/li>\n\n\n\n<li>y qu\u00e9 h\u00e1bitos conviene modificar.<\/li>\n<\/ul>\n\n\n\n<p class=\"wp-block-paragraph\">Trabajamos con productos profesionales de <strong>Kemon y BMAG<\/strong> y podemos ayudarte a construir una rutina coherente con las necesidades identificadas durante tu diagn\u00f3stico capilar.<\/p>\n\n\n\n<p class=\"wp-block-paragraph\">La idea no es llenar tu ba\u00f1o de productos.<\/p>\n\n\n\n<p class=\"wp-block-paragraph\">Es ayudarte a entender tu melena.<\/p>\n\n\n\n<h2 class=\"wp-block-heading\"><span class=\"ez-toc-section\" id=\"Diagnostico_capilar_en_septiembre_del_verano_al_otono\"><\/span>Diagn\u00f3stico capilar en septiembre: del verano al oto\u00f1o<span class=\"ez-toc-section-end\"><\/span><\/h2>\n\n\n\n<p class=\"wp-block-paragraph\">Cuidar el cabello tambi\u00e9n significa aceptar que sus necesidades cambian.<\/p>\n\n\n\n<p class=\"wp-block-paragraph\">Lo que funciona en invierno puede no ser suficiente durante semanas de playa y piscina.<\/p>\n\n\n\n<p class=\"wp-block-paragraph\">Y lo que necesit\u00e1bamos en agosto puede no ser exactamente lo mismo que necesitamos en octubre.<\/p>\n\n\n\n<p class=\"wp-block-paragraph\">Por eso septiembre funciona como un peque\u00f1o momento de transici\u00f3n y es una \u00e9poca especialmente interesante para realizar un <strong>diagn\u00f3stico capilar<\/strong>.<\/p>\n\n\n\n<p class=\"wp-block-paragraph\">Durante el verano intentamos proteger nuestro cabello del sol, la sal y el cloro.<\/p>\n\n\n\n<p class=\"wp-block-paragraph\">Al volver de vacaciones observamos c\u00f3mo ha respondido.<\/p>\n\n\n\n<p class=\"wp-block-paragraph\">Y a partir de ah\u00ed podemos establecer una nueva rutina para los meses siguientes.<\/p>\n\n\n\n<p class=\"wp-block-paragraph\">Si llevas el cabello coloreado, tambi\u00e9n puedes consultar nuestra gu\u00eda sobre <strong>c\u00f3mo cuidar el cabello te\u00f1ido en verano<\/strong>, donde encontrar\u00e1s consejos espec\u00edficos para proteger el color y la fibra durante los meses de m\u00e1s exposici\u00f3n.<\/p>\n\n\n\n<h2 class=\"wp-block-heading\"><span class=\"ez-toc-section\" id=\"Haz_un_pequeno_diagnostico_capilar_en_casa\"><\/span>Haz un peque\u00f1o diagn\u00f3stico capilar en casa<span class=\"ez-toc-section-end\"><\/span><\/h2>\n\n\n\n<p class=\"wp-block-paragraph\">Antes de tu pr\u00f3xima cita, prueba algo muy sencillo.<\/p>\n\n\n\n<p class=\"wp-block-paragraph\">Observa tu cabello sin pensar todav\u00eda en productos o tratamientos.<\/p>\n\n\n\n<p class=\"wp-block-paragraph\"><strong>\u00bfHa perdido brillo?<\/strong><\/p>\n\n\n\n<p class=\"wp-block-paragraph\"><strong>\u00bfLo notas m\u00e1s \u00e1spero cuando pasas los dedos?<\/strong><\/p>\n\n\n\n<p class=\"wp-block-paragraph\"><strong>\u00bfSe enreda m\u00e1s f\u00e1cilmente?<\/strong><\/p>\n\n\n\n<p class=\"wp-block-paragraph\"><strong>\u00bfLas puntas parecen m\u00e1s finas o debilitadas?<\/strong><\/p>\n\n\n\n<p class=\"wp-block-paragraph\"><strong>\u00bfHa aumentado el encrespamiento?<\/strong><\/p>\n\n\n\n<p class=\"wp-block-paragraph\"><strong>\u00bfSe rompe con mayor facilidad?<\/strong><\/p>\n\n\n\n<p class=\"wp-block-paragraph\"><strong>\u00bfTu rizo ha perdido definici\u00f3n?<\/strong><\/p>\n\n\n\n<p class=\"wp-block-paragraph\"><strong>\u00bfTu color est\u00e1 m\u00e1s apagado o ha cambiado de matiz?<\/strong><\/p>\n\n\n\n<p class=\"wp-block-paragraph\"><strong>\u00bfNotas diferente el cuero cabelludo?<\/strong><\/p>\n\n\n\n<p class=\"wp-block-paragraph\">Este peque\u00f1o diagn\u00f3stico capilar en casa puede darte algunas pistas sobre c\u00f3mo ha vuelto tu cabello de vacaciones.<\/p>\n\n\n\n<p class=\"wp-block-paragraph\">Pero no necesitas convertirte en experta ni decidir sola qu\u00e9 tratamiento necesitas.<\/p>\n\n\n\n<p class=\"wp-block-paragraph\">Un diagn\u00f3stico capilar profesional nos permite interpretar esas se\u00f1ales teniendo en cuenta las caracter\u00edsticas y el historial de tu cabello.<\/p>\n\n\n\n<figure class=\"wp-block-image size-large\"><img decoding=\"async\" src=\"https:\/\/diagnostico-capilar-2-barcelona.jpg\" alt=\"\"\/><\/figure>\n\n\n\n<h2 class=\"wp-block-heading\"><span class=\"ez-toc-section\" id=\"Este_septiembre_empieza_con_un_diagnostico_capilar\"><\/span>Este septiembre, empieza con un diagn\u00f3stico capilar<span class=\"ez-toc-section-end\"><\/span><\/h2>\n\n\n\n<p class=\"wp-block-paragraph\">Septiembre suele representar la vuelta a la rutina.<\/p>\n\n\n\n<p class=\"wp-block-paragraph\">Volvemos al trabajo, retomamos proyectos, recuperamos horarios y reorganizamos nuestro d\u00eda a d\u00eda.<\/p>\n\n\n\n<p class=\"wp-block-paragraph\">Tambi\u00e9n puede ser un buen momento para volver a dedicarnos un poco de atenci\u00f3n.<\/p>\n\n\n\n<p class=\"wp-block-paragraph\">Y, despu\u00e9s de todo lo vivido durante el verano, tu cabello probablemente tenga algo que decirte.<\/p>\n\n\n\n<p class=\"wp-block-paragraph\">En lugar de empezar inmediatamente a probar mascarillas, aceites o tratamientos porque alguien te los ha recomendado, empieza por observarlo.<\/p>\n\n\n\n<p class=\"wp-block-paragraph\">Puede que solamente necesite recuperar hidrataci\u00f3n.<\/p>\n\n\n\n<p class=\"wp-block-paragraph\">Puede que necesite sanear las puntas.<\/p>\n\n\n\n<p class=\"wp-block-paragraph\">Quiz\u00e1s sea el momento de trabajar m\u00e1s profundamente sobre la fibra.<\/p>\n\n\n\n<p class=\"wp-block-paragraph\">O puede que tu cabello est\u00e9 mucho mejor de lo que imaginas y solo necesite un peque\u00f1o cuidado de mantenimiento.<\/p>\n\n\n\n<p class=\"wp-block-paragraph\"><strong>Un diagn\u00f3stico capilar nos ayuda a encontrar la respuesta.<\/strong><\/p>\n\n\n\n<h3 class=\"wp-block-heading\"><span class=\"ez-toc-section\" id=\"%E2%9C%A8_Este_septiembre_20_de_descuento_en_tratamientos\"><\/span>\u2728 Este septiembre, 20% de descuento en tratamientos<span class=\"ez-toc-section-end\"><\/span><\/h3>\n\n\n\n<p class=\"wp-block-paragraph\">Para celebrar nuestra vuelta de vacaciones, durante todo el mes de se`tiembre podr\u00e1s disfrutar de un <strong>20% de descuento en todos nuestros tratamientos<\/strong>.<\/p>\n\n\n\n<p class=\"wp-block-paragraph\">Empezaremos valorando el estado de tu cabello para poder recomendarte el tratamiento que mejor responda a sus necesidades.<\/p>\n\n\n\n<p class=\"wp-block-paragraph\">Hidrataci\u00f3n, recuperaci\u00f3n, disciplina, cuidado del cabello rizado o atenci\u00f3n espec\u00edfica del cuero cabelludo: no todas necesitamos lo mismo.<\/p>\n\n\n\n<p class=\"wp-block-paragraph\">Y precisamente ah\u00ed empieza un buen cuidado.<\/p>\n\n\n\n<h2 class=\"wp-block-heading\"><span class=\"ez-toc-section\" id=\"Diagnostico_capilar_en_Barcelona_descubre_que_necesita_tu_cabello_en_Tina\"><\/span>Diagn\u00f3stico capilar en Barcelona: descubre qu\u00e9 necesita tu cabello en Tina<span class=\"ez-toc-section-end\"><\/span><\/h2>\n\n\n\n<p class=\"wp-block-paragraph\">\u00bfHas vuelto de vacaciones y notas tu cabello diferente?<\/p>\n\n\n\n<p class=\"wp-block-paragraph\">No tienes que saber qu\u00e9 tratamiento necesitas antes de venir.<\/p>\n\n\n\n<p class=\"wp-block-paragraph\">En <strong>Tina peluquer\u00eda org\u00e1nica en Barcelona<\/strong>, realizamos un diagn\u00f3stico capilar para valorar el estado de tu cabello y recomendarte el cuidado m\u00e1s adecuado.<\/p>\n\n\n\n<p class=\"wp-block-paragraph\">Trabajamos con tratamientos profesionales <strong>Kemon y BMAG<\/strong>, adaptando cada protocolo a las necesidades de cada melena.<\/p>\n\n\n\n<p class=\"wp-block-paragraph\">Porque nuestro objetivo no es simplemente conseguir que tu cabello se vea bonito al salir del sal\u00f3n.<\/p>\n\n\n\n<p class=\"wp-block-paragraph\">Queremos ayudarte a entenderlo, cuidarlo y mantenerlo bonito tambi\u00e9n en casa.<\/p>\n\n\n\n<p class=\"wp-block-paragraph\"><strong>Reserva tu cita para un diagn\u00f3stico capilar en Tina y aprovecha durante todo el mes de septimebre nuestro 20% de descuento en<\/strong> todos nuestros <a href=\"https:\/\/www.tinaorganicbarcelona.com\/tratamientos\/\" data-type=\"link\" data-id=\"https:\/\/www.tinaorganicbarcelona.com\/tratamientos\/\">tratamientos<\/a><strong>.<\/strong><\/p>\n\n\n\n<p class=\"wp-block-paragraph\">Este septiembre, antes de decidir qu\u00e9 necesita tu cabello, empieza por escucharlo.<\/p>\n\n\n\n<p class=\"wp-block-paragraph\">Nosotros te ayudamos a encontrar la respuesta. Reserva tu <a href=\"https:\/\/www.tinaorganicbarcelona.com\/reserva\/\" data-type=\"link\" data-id=\"https:\/\/www.tinaorganicbarcelona.com\/reserva\/\">diagn\u00f3stico capilar personalizado.<\/a><\/p>\n\n\n\n<p class=\"wp-block-paragraph\"><\/p>\n","protected":false},"excerpt":{"rendered":"<p>\u00bfHas vuelto de vacaciones y notas tu cabello diferente? Quiz\u00e1s est\u00e1 m\u00e1s seco, \u00e1spero o apagado. Puede que las puntas est\u00e9n m\u00e1s debilitadas, que haya aparecido m\u00e1s encrespamiento o que tu color ya no tenga la misma luminosidad que antes de marcharte. Si tienes el cabello rizado, incluso puedes notar que tus rizos han perdido [&hellip;]<\/p>\n","protected":false},"author":4,"featured_media":2669,"comment_status":"open","ping_status":"open","sticky":false,"template":"","format":"standard","meta":{"_acf_changed":false,"footnotes":""},"categories":[22,41,23,1],"tags":[],"class_list":["post-2660","post","type-post","status-publish","format-standard","has-post-thumbnail","hentry","category-organico","category-cuidado-capilar","category-peluqueria","category-sin-categorizar"],"acf":[],"_links":{"self":[{"href":"https:\/\/www.tinaorganicbarcelona.com\/en\/wp-json\/wp\/v2\/posts\/2660","targetHints":{"allow":["GET"]}}],"collection":[{"href":"https:\/\/www.tinaorganicbarcelona.com\/en\/wp-json\/wp\/v2\/posts"}],"about":[{"href":"https:\/\/www.tinaorganicbarcelona.com\/en\/wp-json\/wp\/v2\/types\/post"}],"author":[{"embeddable":true,"href":"https:\/\/www.tinaorganicbarcelona.com\/en\/wp-json\/wp\/v2\/users\/4"}],"replies":[{"embeddable":true,"href":"https:\/\/www.tinaorganicbarcelona.com\/en\/wp-json\/wp\/v2\/comments?post=2660"}],"version-history":[{"count":8,"href":"https:\/\/www.tinaorganicbarcelona.com\/en\/wp-json\/wp\/v2\/posts\/2660\/revisions"}],"predecessor-version":[{"id":2672,"href":"https:\/\/www.tinaorganicbarcelona.com\/en\/wp-json\/wp\/v2\/posts\/2660\/revisions\/2672"}],"wp:featuredmedia":[{"embeddable":true,"href":"https:\/\/www.tinaorganicbarcelona.com\/en\/wp-json\/wp\/v2\/media\/2669"}],"wp:attachment":[{"href":"https:\/\/www.tinaorganicbarcelona.com\/en\/wp-json\/wp\/v2\/media?parent=2660"}],"wp:term":[{"taxonomy":"category","embeddable":true,"href":"https:\/\/www.tinaorganicbarcelona.com\/en\/wp-json\/wp\/v2\/categories?post=2660"},{"taxonomy":"post_tag","embeddable":true,"href":"https:\/\/www.tinaorganicbarcelona.com\/en\/wp-json\/wp\/v2\/tags?post=2660"}],"curies":[{"name":"wp","href":"https:\/\/api.w.org\/{rel}","templated":true}]}}